{"id":9208,"date":"2019-03-21T16:12:52","date_gmt":"2019-03-21T15:12:52","guid":{"rendered":"https:\/\/keys-am.sw-network.net\/acquisition-en-vefa-de-lensemble-immobilier-le-grand-carre\/"},"modified":"2020-04-20T18:32:12","modified_gmt":"2020-04-20T16:32:12","slug":"acquisition-en-vefa-de-lensemble-immobilier-le-grand-carre","status":"publish","type":"post","link":"https:\/\/www.keys-reim.com\/en\/acquisition-en-vefa-de-lensemble-immobilier-le-grand-carre\/","title":{"rendered":"Acquisition en VEFA de l&#8217;ensemble immobilier \u00ab Le Grand Carr\u00e9 \u00bb"},"content":{"rendered":"<p><!--more--><img decoding=\"async\" loading=\"lazy\" class=\" wp-image-1145 alignleft\" src=\"http:\/\/www.keys-reim.com\/wp-content\/uploads\/2019\/03\/m_.png\" alt=\"\" width=\"287\" height=\"193\">Cet ensemble immobilier de bureaux situ\u00e9 dans la technopole de la Haute Borne en m\u00e9tropole lilloise, \u00e0 Villeneuve d&#8217;Ascq, sera compos\u00e9 de 5 b\u00e2timents en R+2 allant de 2 500 m2 \u00e0 4 000 m2, pour un total de 15 000 m2. Chaque b\u00e2timent sera ind\u00e9pendant techniquement mais sera reli\u00e9 aux b\u00e2timents voisins par le premier et le second niveau.<\/p>\n<p>Enti\u00e8rement construit en bois, l&#8217;ensemble sera labellis\u00e9 BREEAM GOOD et proposera des prestations de qualit\u00e9 notamment une belle hauteur sous plafond, des terrasses paysag\u00e9es ainsi que des verri\u00e8res permettant d&#8217;apporter de la lumi\u00e8re au centre du b\u00e2timent.<\/p>\n<p>Le complexe sera livr\u00e9 &#8220;cl\u00e9 en main&#8221; \u00e0 Auchan Retail International le mois prochain, apr\u00e8s plusieurs mois de travaux.<\/p>\n","protected":false},"excerpt":{"rendered":"","protected":false},"author":8,"featured_media":9917,"comment_status":"closed","ping_status":"closed","sticky":false,"template":"","format":"standard","meta":{"inline_featured_image":false},"categories":[11,12],"tags":[],"acf":[],"_links":{"self":[{"href":"https:\/\/www.keys-reim.com\/en\/wp-json\/wp\/v2\/posts\/9208"}],"collection":[{"href":"https:\/\/www.keys-reim.com\/en\/wp-json\/wp\/v2\/posts"}],"about":[{"href":"https:\/\/www.keys-reim.com\/en\/wp-json\/wp\/v2\/types\/post"}],"author":[{"embeddable":true,"href":"https:\/\/www.keys-reim.com\/en\/wp-json\/wp\/v2\/users\/8"}],"replies":[{"embeddable":true,"href":"https:\/\/www.keys-reim.com\/en\/wp-json\/wp\/v2\/comments?post=9208"}],"version-history":[{"count":1,"href":"https:\/\/www.keys-reim.com\/en\/wp-json\/wp\/v2\/posts\/9208\/revisions"}],"predecessor-version":[{"id":9238,"href":"https:\/\/www.keys-reim.com\/en\/wp-json\/wp\/v2\/posts\/9208\/revisions\/9238"}],"wp:featuredmedia":[{"embeddable":true,"href":"https:\/\/www.keys-reim.com\/en\/wp-json\/wp\/v2\/media\/9917"}],"wp:attachment":[{"href":"https:\/\/www.keys-reim.com\/en\/wp-json\/wp\/v2\/media?parent=9208"}],"wp:term":[{"taxonomy":"category","embeddable":true,"href":"https:\/\/www.keys-reim.com\/en\/wp-json\/wp\/v2\/categories?post=9208"},{"taxonomy":"post_tag","embeddable":true,"href":"https:\/\/www.keys-reim.com\/en\/wp-json\/wp\/v2\/tags?post=9208"}],"curies":[{"name":"wp","href":"https:\/\/api.w.org\/{rel}","templated":true}]}}