{"id":9200,"date":"2018-02-08T10:45:57","date_gmt":"2018-02-08T09:45:57","guid":{"rendered":"https:\/\/keys-am.sw-network.net\/prise-bail-de-limmeuble-lalbero-par-akka-technologies\/"},"modified":"2020-04-20T18:36:08","modified_gmt":"2020-04-20T16:36:08","slug":"prise-bail-de-limmeuble-lalbero-par-akka-technologies","status":"publish","type":"post","link":"https:\/\/www.keys-reim.com\/en\/prise-bail-de-limmeuble-lalbero-par-akka-technologies\/","title":{"rendered":"Prise \u00e0 bail de l&#8217;immeuble l&#8217;Albero par Akka Technologies"},"content":{"rendered":"<p><img decoding=\"async\" loading=\"lazy\" class=\" wp-image-634 alignleft\" src=\"http:\/\/www.keys-reim.com\/wp-content\/uploads\/2017\/09\/Guyancourt-perspective-Apr\u00e8s.jpg\" alt=\"albero\" width=\"286\" height=\"190\">Le groupe AKKA Technologies a pris \u00e0 bail l&#8217;ensemble de l&#8217;<a href=\"http:\/\/www.keys-am.com\/actifs\/l-albero\/\" target=\"_blank\" rel=\"noopener noreferrer\">immeuble l&#8217;Albero<\/a>, propri\u00e9t\u00e9 du fonds Keys Value Added, g\u00e9r\u00e9 par Keys REIM, soci\u00e9t\u00e9 de gestion du Groupe Keys Asset Management.<\/p>\n<p>AKKA Technologies est une soci\u00e9t\u00e9 cot\u00e9e fran\u00e7aise d&#8217;ing\u00e9nierie et de conseil en nouvelles technologies . La soci\u00e9t\u00e9 compte plus de 13 000 collaborateurs dans 20 pays.<\/p>\n<p>En 2016, <strong>AKKA Technologies<\/strong> r\u00e9alisait un chiffre d&#8217;affaires de 1 123 M\u20ac, principalement dans les secteurs de l&#8217;automobile et de l\u2019a\u00e9ronautique.<\/p>\n<p><strong>L&#8217;Albero<\/strong>, situ\u00e9&nbsp;<a href=\"https:\/\/maps.google.com\/?q=3+avenue+du+centre&amp;entry=gmail&amp;source=g\" target=\"_blank\" rel=\"noopener noreferrer\" data-saferedirecturl=\"https:\/\/www.google.com\/url?hl=fr&amp;q=https:\/\/maps.google.com\/?q%3D3%2Bavenue%2Bdu%2Bcentre%26entry%3Dgmail%26source%3Dg&amp;source=gmail&amp;ust=1517655126611000&amp;usg=AFQjCNG2M0t32lPBCexlnukHfv2RzLoZ8g\">3 avenue du centre<\/a>&nbsp;\u00e0 Guyancourt, est un immeuble de bureaux d\u00e9veloppant une surface de 10 800 m\u00b2 et ayant fait l&#8217;objet d&#8217;une r\u00e9novation compl\u00e8te.<\/p>\n<p><em>Les parties ont \u00e9t\u00e9 conseill\u00e9es par B&amp;C France et BNP Paribas Real Estate.<\/em><\/p>\n<p>&nbsp;<\/p>\n<p style=\"text-align: center;\"><strong>D\u00e9couvrir l&#8217;immeuble l&#8217;Albero \u00e0 travers la vid\u00e9o ci-dessous :<\/strong><\/p>\n\n\n<span class=\"arve-error\" hidden><abbr title=\"Advanced Responsive Video Embedder\">ARVE<\/abbr> Error: src mismatch<br>\nprovider: youtube<br>\nurl: https:\/\/www.youtube.com\/watch?v=K9E0_qxGoPc&#038;t=4s<br>\nsrc in org: https:\/\/www.youtube-nocookie.com\/embed\/K9E0_qxGoPc?start=4&#038;feature=oembed<br>\nsrc in mod: https:\/\/www.youtube-nocookie.com\/embed\/K9E0_qxGoPc?start=4<br>\nsrc gen org: https:\/\/www.youtube-nocookie.com\/embed\/K9E0_qxGoPc<br>\n<br><\/span>\n<div class=\"arve\" data-mode=\"normal\" data-oembed=\"1\" data-provider=\"youtube\" id=\"arve-youtube-k9e0_qxgopc69f2b90dd0f6a867660452\">\n<span class=\"arve-inner\">\n<span class=\"arve-embed arve-embed--has-aspect-ratio\" style=\"aspect-ratio: 585 \/ 329\">\n<span class=\"arve-ar\" style=\"padding-top:56.239316%\"><\/span><iframe allow=\"accelerometer; autoplay; clipboard-write; encrypted-media; gyroscope; picture-in-picture\" allowfullscreen class=\"arve-iframe fitvidsignore\" data-arve=\"arve-youtube-k9e0_qxgopc69f2b90dd0f6a867660452\" data-src-no-ap=\"https:\/\/www.youtube-nocookie.com\/embed\/K9E0_qxGoPc?start=4&amp;feature=oembed&amp;iv_load_policy=3&amp;modestbranding=1&amp;rel=0&amp;autohide=1&amp;playsinline=0&amp;autoplay=0\" frameborder=\"0\" height=\"0\" sandbox=\"allow-scripts allow-same-origin allow-presentation allow-popups allow-popups-to-escape-sandbox\" scrolling=\"no\" src=\"https:\/\/www.youtube-nocookie.com\/embed\/K9E0_qxGoPc?start=4&#038;feature=oembed&#038;iv_load_policy=3&#038;modestbranding=1&#038;rel=0&#038;autohide=1&#038;playsinline=0&#038;autoplay=0\"><\/iframe>\n\n<\/span>\n\n<\/span>\n<script type=\"application\/ld+json\">{\"@context\":\"http:\\\/\\\/schema.org\\\/\",\"@id\":\"https:\\\/\\\/www.keys-reim.com\\\/en\\\/prise-bail-de-limmeuble-lalbero-par-akka-technologies\\\/#arve-youtube-k9e0_qxgopc69f2b90dd0f6a867660452\",\"type\":\"VideoObject\",\"embedURL\":\"https:\\\/\\\/www.youtube-nocookie.com\\\/embed\\\/K9E0_qxGoPc?start=4&feature=oembed&iv_load_policy=3&modestbranding=1&rel=0&autohide=1&playsinline=0&autoplay=0\"}<\/script>\n<\/div>\n\n","protected":false},"excerpt":{"rendered":"<p>Le groupe AKKA Technologies a pris \u00e0 bail l&#8217;ensemble de l&#8217;immeuble l&#8217;Albero, propri\u00e9t\u00e9 du fonds&#8230;<\/p>\n","protected":false},"author":8,"featured_media":9938,"comment_status":"closed","ping_status":"closed","sticky":false,"template":"","format":"standard","meta":{"inline_featured_image":false},"categories":[11,12],"tags":[],"acf":[],"_links":{"self":[{"href":"https:\/\/www.keys-reim.com\/en\/wp-json\/wp\/v2\/posts\/9200"}],"collection":[{"href":"https:\/\/www.keys-reim.com\/en\/wp-json\/wp\/v2\/posts"}],"about":[{"href":"https:\/\/www.keys-reim.com\/en\/wp-json\/wp\/v2\/types\/post"}],"author":[{"embeddable":true,"href":"https:\/\/www.keys-reim.com\/en\/wp-json\/wp\/v2\/users\/8"}],"replies":[{"embeddable":true,"href":"https:\/\/www.keys-reim.com\/en\/wp-json\/wp\/v2\/comments?post=9200"}],"version-history":[{"count":1,"href":"https:\/\/www.keys-reim.com\/en\/wp-json\/wp\/v2\/posts\/9200\/revisions"}],"predecessor-version":[{"id":9245,"href":"https:\/\/www.keys-reim.com\/en\/wp-json\/wp\/v2\/posts\/9200\/revisions\/9245"}],"wp:featuredmedia":[{"embeddable":true,"href":"https:\/\/www.keys-reim.com\/en\/wp-json\/wp\/v2\/media\/9938"}],"wp:attachment":[{"href":"https:\/\/www.keys-reim.com\/en\/wp-json\/wp\/v2\/media?parent=9200"}],"wp:term":[{"taxonomy":"category","embeddable":true,"href":"https:\/\/www.keys-reim.com\/en\/wp-json\/wp\/v2\/categories?post=9200"},{"taxonomy":"post_tag","embeddable":true,"href":"https:\/\/www.keys-reim.com\/en\/wp-json\/wp\/v2\/tags?post=9200"}],"curies":[{"name":"wp","href":"https:\/\/api.w.org\/{rel}","templated":true}]}}