{"id":9198,"date":"2017-09-22T15:51:42","date_gmt":"2017-09-22T13:51:42","guid":{"rendered":"https:\/\/keys-am.sw-network.net\/participation-patrimonia-2017\/"},"modified":"2020-04-20T18:37:24","modified_gmt":"2020-04-20T16:37:24","slug":"participation-patrimonia-2017","status":"publish","type":"post","link":"https:\/\/www.keys-reim.com\/en\/participation-patrimonia-2017\/","title":{"rendered":"Participation \u00e0 Patrimonia 2017"},"content":{"rendered":"<div dir=\"auto\">\n<p>Keys&nbsp;REIM le plaisir d&#8217;annoncer sa deuxi\u00e8me participation au Salon Patrimonia.&nbsp;Retrouvez-nous&nbsp;<wbr>lors de&nbsp;<strong>notre&nbsp;atelier en pr\u00e9sence de CMS Bureau Francis Lefebvre<\/strong>&nbsp;le jeudi 28 septembre \u00e0 15h45 en salle Saint Clair 2 sur le th\u00e8me :<\/p>\n<p><strong><img decoding=\"async\" loading=\"lazy\" class=\" wp-image-5581 alignnone\" src=\"https:\/\/www.keys-reim.com\/wp-content\/uploads\/2017\/07\/Chevrons-bleus-e1515407509327-1.png\" alt=\"\" width=\"21\" height=\"19\"> <a href=\"http:\/\/go.pardot.com\/e\/211792\/24471c11039f51358ee748d49ad686\/64pg7d\/395927677\" target=\"_blank\" rel=\"noopener noreferrer\" data-saferedirecturl=\"https:\/\/www.google.com\/url?hl=fr&amp;q=http:\/\/go.pardot.com\/e\/211792\/24471c11039f51358ee748d49ad686\/64pg7d\/395927677&amp;source=gmail&amp;ust=1506013764367000&amp;usg=AFQjCNELiO-9_V38wFnJ79M57dQgcOki3w\">Le&nbsp;remploi dans les op\u00e9rations d&#8217;apport-cession<\/a><\/strong><\/p>\n<p>Intervenants&nbsp;:<\/p>\n<ul>\n<li style=\"padding-left: 60px;\">Cyril&nbsp;GARREAU, Pr\u00e9sident &#8211; <strong>KEYS REIM<\/strong><\/li>\n<li style=\"padding-left: 60px;\">Pierre&nbsp;LE&nbsp;ROUX, Associ\u00e9 &#8211; <strong>CMS Bureau FRANCIS LEFEBVRE<\/strong><\/li>\n<\/ul>\n<\/div>\n<div dir=\"auto\"><em>Patrimonia est le rendez-vous annuel des professionnels du conseil en gestion de patrimoine. Pr\u00e8s de 5.000 participants, conseillers en gestion de patrimoine ind\u00e9pendants, salari\u00e9s de r\u00e9seaux bancaires et d&#8217;assurances, experts-comptables, avocats, notaires, courtiers sp\u00e9cialis\u00e9s en assurance vie, agents g\u00e9n\u00e9raux, interm\u00e9diaires financiers&#8230; s&#8217;y retrouvent faisant ainsi de cette Convention un haut lieu d\u2019\u00e9changes et le &#8220;point d\u2019orgue&#8221; annuel de la profession.<\/em><\/div>\n","protected":false},"excerpt":{"rendered":"<p>Keys&nbsp;REIM le plaisir d&#8217;annoncer sa deuxi\u00e8me participation au Salon Patrimonia.&nbsp;Retrouvez-nous&nbsp;lors de&nbsp;notre&nbsp;atelier en pr\u00e9sence de CMS Bureau Francis Lefebvre&nbsp;le jeudi 28 septembre \u00e0 15h45 en salle Saint Clair 2 sur le th\u00e8me : Le&nbsp;remploi dans les op\u00e9rations d&#8217;apport-cession Intervenants&nbsp;: Cyril&nbsp;GARREAU, Pr\u00e9sident &#8211; KEYS REIM Pierre&nbsp;LE&nbsp;ROUX, Associ\u00e9 &#8211; CMS Bureau FRANCIS LEFEBVRE Patrimonia est le rendez-vous annuel [&hellip;]<\/p>\n","protected":false},"author":8,"featured_media":9942,"comment_status":"open","ping_status":"open","sticky":false,"template":"","format":"standard","meta":{"inline_featured_image":false},"categories":[11,12],"tags":[],"acf":[],"_links":{"self":[{"href":"https:\/\/www.keys-reim.com\/en\/wp-json\/wp\/v2\/posts\/9198"}],"collection":[{"href":"https:\/\/www.keys-reim.com\/en\/wp-json\/wp\/v2\/posts"}],"about":[{"href":"https:\/\/www.keys-reim.com\/en\/wp-json\/wp\/v2\/types\/post"}],"author":[{"embeddable":true,"href":"https:\/\/www.keys-reim.com\/en\/wp-json\/wp\/v2\/users\/8"}],"replies":[{"embeddable":true,"href":"https:\/\/www.keys-reim.com\/en\/wp-json\/wp\/v2\/comments?post=9198"}],"version-history":[{"count":2,"href":"https:\/\/www.keys-reim.com\/en\/wp-json\/wp\/v2\/posts\/9198\/revisions"}],"predecessor-version":[{"id":9946,"href":"https:\/\/www.keys-reim.com\/en\/wp-json\/wp\/v2\/posts\/9198\/revisions\/9946"}],"wp:featuredmedia":[{"embeddable":true,"href":"https:\/\/www.keys-reim.com\/en\/wp-json\/wp\/v2\/media\/9942"}],"wp:attachment":[{"href":"https:\/\/www.keys-reim.com\/en\/wp-json\/wp\/v2\/media?parent=9198"}],"wp:term":[{"taxonomy":"category","embeddable":true,"href":"https:\/\/www.keys-reim.com\/en\/wp-json\/wp\/v2\/categories?post=9198"},{"taxonomy":"post_tag","embeddable":true,"href":"https:\/\/www.keys-reim.com\/en\/wp-json\/wp\/v2\/tags?post=9198"}],"curies":[{"name":"wp","href":"https:\/\/api.w.org\/{rel}","templated":true}]}}