{"id":9196,"date":"2017-07-20T19:22:21","date_gmt":"2017-07-20T17:22:21","guid":{"rendered":"https:\/\/keys-am.sw-network.net\/acquisition-halles-bacalan\/"},"modified":"2020-04-20T18:37:55","modified_gmt":"2020-04-20T16:37:55","slug":"acquisition-halles-bacalan","status":"publish","type":"post","link":"https:\/\/www.keys-reim.com\/en\/acquisition-halles-bacalan\/","title":{"rendered":"Acquisition des Halles de Bacalan"},"content":{"rendered":"<p style=\"text-align: center;\">Le 20 juillet 2017,<\/p>\n<p><img decoding=\"async\" loading=\"lazy\" class=\"size-full wp-image-596 aligncenter\" src=\"\/wp-content\/uploads\/2017\/07\/Halles-Bacalan.png\" alt=\"Halles Bacalan\" width=\"572\" height=\"384\"><\/p>\n<p>&nbsp;<\/p>\n<p class=\"p2\"><b>La soci\u00e9t\u00e9 de gestion Keys REIM annonce l\u2019acquisition des \u00ab Halles de Bacalan \u00bb aupr\u00e8s de Legendre Immobilier. Il s\u2019agit de la seconde acquisition r\u00e9alis\u00e9e pour le compte de son fonds patrimonial immobilier Keys S\u00e9lection. <\/b><\/p>\n<p class=\"p2\">Les Halles de Bacalan profitent d\u2019un emplacement id\u00e9al \u00e0 Bordeaux, face \u00e0 la Cit\u00e9 du Vin en plein coeur d\u2019un des quartiers \u00e9mergents de la ville, les Bassins \u00e0 flot.<\/p>\n","protected":false},"excerpt":{"rendered":"<p>La soci\u00e9t\u00e9 de gestion Keys REIM annonce l\u2019acquisition des \u00ab Halles de Bacalan \u00bb aupr\u00e8s de Legendre&#8230;<\/p>\n","protected":false},"author":8,"featured_media":9948,"comment_status":"closed","ping_status":"closed","sticky":false,"template":"","format":"standard","meta":{"inline_featured_image":false},"categories":[11,12],"tags":[],"acf":[],"_links":{"self":[{"href":"https:\/\/www.keys-reim.com\/en\/wp-json\/wp\/v2\/posts\/9196"}],"collection":[{"href":"https:\/\/www.keys-reim.com\/en\/wp-json\/wp\/v2\/posts"}],"about":[{"href":"https:\/\/www.keys-reim.com\/en\/wp-json\/wp\/v2\/types\/post"}],"author":[{"embeddable":true,"href":"https:\/\/www.keys-reim.com\/en\/wp-json\/wp\/v2\/users\/8"}],"replies":[{"embeddable":true,"href":"https:\/\/www.keys-reim.com\/en\/wp-json\/wp\/v2\/comments?post=9196"}],"version-history":[{"count":2,"href":"https:\/\/www.keys-reim.com\/en\/wp-json\/wp\/v2\/posts\/9196\/revisions"}],"predecessor-version":[{"id":9310,"href":"https:\/\/www.keys-reim.com\/en\/wp-json\/wp\/v2\/posts\/9196\/revisions\/9310"}],"wp:featuredmedia":[{"embeddable":true,"href":"https:\/\/www.keys-reim.com\/en\/wp-json\/wp\/v2\/media\/9948"}],"wp:attachment":[{"href":"https:\/\/www.keys-reim.com\/en\/wp-json\/wp\/v2\/media?parent=9196"}],"wp:term":[{"taxonomy":"category","embeddable":true,"href":"https:\/\/www.keys-reim.com\/en\/wp-json\/wp\/v2\/categories?post=9196"},{"taxonomy":"post_tag","embeddable":true,"href":"https:\/\/www.keys-reim.com\/en\/wp-json\/wp\/v2\/tags?post=9196"}],"curies":[{"name":"wp","href":"https:\/\/api.w.org\/{rel}","templated":true}]}}